{"id":678,"date":"2016-02-12T09:18:20","date_gmt":"2016-02-12T08:18:20","guid":{"rendered":"http:\/\/www.easyrider-kappel.de\/?p=678"},"modified":"2018-05-30T11:03:57","modified_gmt":"2018-05-30T10:03:57","slug":"gunni-du-wirst-immer-bei-uns-sein","status":"publish","type":"post","link":"https:\/\/easyrider-kappel.de\/?p=678","title":{"rendered":"G\u00fcnni du wirst immer bei uns sein!"},"content":{"rendered":"<p style=\"text-align: center;\">In tiefer Trauer gedenken wir unseres Mitgliedes<\/p>\n<h2 style=\"text-align: center;\">G\u00fcnter &#8222;G\u00fcnni&#8220; Laufer<\/p>\n<p><a href=\"https:\/\/www.easyrider-kappel.de\/wp-content\/uploads\/2016\/02\/3708558_w720h480q75v63823_C42UKMSV.jpg\"><img loading=\"lazy\" decoding=\"async\" class=\"aligncenter size-full wp-image-682\" title=\"rip_guenni\" src=\"https:\/\/www.easyrider-kappel.de\/wp-content\/uploads\/2016\/02\/3708558_w720h480q75v63823_C42UKMSV.jpg\" alt=\"\" width=\"396\" height=\"450\" srcset=\"https:\/\/easyrider-kappel.de\/wp-content\/uploads\/2016\/02\/3708558_w720h480q75v63823_C42UKMSV.jpg 396w, https:\/\/easyrider-kappel.de\/wp-content\/uploads\/2016\/02\/3708558_w720h480q75v63823_C42UKMSV-264x300.jpg 264w\" sizes=\"auto, (max-width: 396px) 100vw, 396px\" \/><\/a><\/h2>\n<p style=\"text-align: left;\">Was G\u00fcnni alles f\u00fcr uns getan hat l\u00e4sst sich gar nicht alles aufz\u00e4hlen.<br \/>\nDer Mittwoch wird nie wieder so sein wie zuvor, aber er wird immer ein Platz in unserem Herzen und an unserem Stammtisch haben.<\/p>\n<p style=\"text-align: left;\">\n<blockquote>\n<p style=\"text-align: center;\"><span style=\"color: #888888;\"><em>Ein Mensch, den wir liebten, ist nicht mehr da.\u00a0Aber er ist \u00fcberall, wo wir sind und seiner gedenken.\u00a0(Augustinus)<\/em><\/span><\/p>\n<\/blockquote>\n<p style=\"text-align: center;\"><strong><em>G\u00fcnni wir werden dich nie vergessen!<\/em><\/strong><\/p>\n","protected":false},"excerpt":{"rendered":"<p>In tiefer Trauer gedenken wir unseres Mitgliedes G\u00fcnter &#8222;G\u00fcnni&#8220; Laufer Was G\u00fcnni alles f\u00fcr uns getan hat l\u00e4sst sich gar nicht alles aufz\u00e4hlen. Der Mittwoch wird nie wieder so sein wie zuvor, aber er wird immer ein Platz in unserem Herzen und an unserem Stammtisch haben. Ein Mensch, den wir liebten, ist nicht mehr da.\u00a0Aber [&hellip;]<\/p>\n","protected":false},"author":1,"featured_media":0,"comment_status":"closed","ping_status":"closed","sticky":false,"template":"","format":"standard","meta":{"ngg_post_thumbnail":0,"footnotes":""},"categories":[1],"tags":[],"class_list":["post-678","post","type-post","status-publish","format-standard","hentry","category-allgemein"],"_links":{"self":[{"href":"https:\/\/easyrider-kappel.de\/index.php?rest_route=\/wp\/v2\/posts\/678","targetHints":{"allow":["GET"]}}],"collection":[{"href":"https:\/\/easyrider-kappel.de\/index.php?rest_route=\/wp\/v2\/posts"}],"about":[{"href":"https:\/\/easyrider-kappel.de\/index.php?rest_route=\/wp\/v2\/types\/post"}],"author":[{"embeddable":true,"href":"https:\/\/easyrider-kappel.de\/index.php?rest_route=\/wp\/v2\/users\/1"}],"replies":[{"embeddable":true,"href":"https:\/\/easyrider-kappel.de\/index.php?rest_route=%2Fwp%2Fv2%2Fcomments&post=678"}],"version-history":[{"count":18,"href":"https:\/\/easyrider-kappel.de\/index.php?rest_route=\/wp\/v2\/posts\/678\/revisions"}],"predecessor-version":[{"id":743,"href":"https:\/\/easyrider-kappel.de\/index.php?rest_route=\/wp\/v2\/posts\/678\/revisions\/743"}],"wp:attachment":[{"href":"https:\/\/easyrider-kappel.de\/index.php?rest_route=%2Fwp%2Fv2%2Fmedia&parent=678"}],"wp:term":[{"taxonomy":"category","embeddable":true,"href":"https:\/\/easyrider-kappel.de\/index.php?rest_route=%2Fwp%2Fv2%2Fcategories&post=678"},{"taxonomy":"post_tag","embeddable":true,"href":"https:\/\/easyrider-kappel.de\/index.php?rest_route=%2Fwp%2Fv2%2Ftags&post=678"}],"curies":[{"name":"wp","href":"https:\/\/api.w.org\/{rel}","templated":true}]}}